{"id":545,"date":"2018-06-21T13:44:42","date_gmt":"2018-06-21T13:44:42","guid":{"rendered":"https:\/\/tagabike.eu\/?p=545"},"modified":"2026-01-14T14:41:49","modified_gmt":"2026-01-14T14:41:49","slug":"plegado-electrico","status":"publish","type":"post","link":"https:\/\/www.tagabike.eu\/es\/plegado-electrico\/","title":{"rendered":"Plegado el\u00e9ctrico"},"content":{"rendered":"<h2>Plegado el\u00e9ctrico<\/h2>\n<p>\u00bfCu\u00e1ntas veces has tenido que abandonar el ciclismo porque ...<\/p>\n<ul>\n<li>En invierno hace fr\u00edo<\/li>\n<li>Hace calor en verano<\/li>\n<li>La ruta m\u00e1s bonita est\u00e1 a cierta distancia<\/li>\n<\/ul>\n<p>Por suerte, han llegado las bicicletas el\u00e9ctricas. Y si adem\u00e1s son plegables, \u00a1mejor que mejor!<\/p>\n<p>La llegada de la bicicleta el\u00e9ctrica se ha convertido en un relanzamiento, una reinvenci\u00f3n para la bicicleta, - el medio de transporte m\u00e1s respetuoso con el medio ambiente tambi\u00e9n se ha vuelto pr\u00e1ctico y menos cansado, si adem\u00e1s la bicicleta es el\u00e9ctrica plegable, - no hay excusas para no tenerla y no usarla.<\/p>\n<p>A\u00fan siendo una combinaci\u00f3n poco frecuente, entre plegado el\u00e9ctrico o el\u00e9ctrico plegable hay una diferencia: el \u00e9nfasis, la caracter\u00edstica principal.<\/p>\n<p>El el\u00e9ctrico plegable se centra m\u00e1s en sus prestaciones el\u00e9ctricas, como las caracter\u00edsticas del motor, mientras que el el\u00e9ctrico plegable se centra en su compacidad.<\/p>\n<p>Todas ellas benefician a quienes m\u00e1s las necesitar\u00edan: familias con ni\u00f1os o personas que desear\u00edan sustituir o reducir (al menos para los desplazamientos urbanos) el uso del coche.<\/p>\n<p>Porque adem\u00e1s de el\u00e9ctrica plegable, la bicicleta tambi\u00e9n debe ser capaz o simplemente de carga. Pero, \u00bfqui\u00e9n ha o\u00eddo hablar alguna vez de una bicicleta el\u00e9ctrica plegable de carga? Conociendo las bicicletas de carga, \u00a1es impensable imaginar una!<\/p>\n<p>Sin embargo, ya existe una bicicleta el\u00e9ctrica de carga plegable y muy inteligente que se llama TAGA, una bicicleta que re\u00fane todas estas caracter\u00edsticas sin renunciar a ninguna de ellas: es capaz de transportar hasta casi 100 kg de carga, m\u00e1s otros 100 del conductor, es el\u00e9ctrica con excelentes prestaciones -dispone de 3 motores para las necesidades m\u00e1s exigentes- y es maravillosamente plegable, \u00a1cabe en el maletero de un coche est\u00e1ndar!<\/p>\n<p>\u00bfQu\u00e9 m\u00e1s se puede esperar de una bicicleta? S\u00f3lo que se pague sola. S\u00ed, \u00a1y a plazos!<\/p>","protected":false},"excerpt":{"rendered":"<p>Elettrica pieghevole Quante volte avete dovuto rinunciare di andare in bicicletta perch\u00e9&#8230; D&#8217;inverno fa freddo D&#8217;estate fa caldo Il percorso pi\u00f9 bello \u00e8 ad una certa distanza Per fortuna sono arrivate le biciclette elettriche! E quando sono anche pieghevoli, allora \u00e8 proprio il massimo! L&#8217;arrivo della bicicletta elettrica \u00e8 diventato un rilancio, una reinvenzione per [&hellip;]<\/p>\n","protected":false},"author":1,"featured_media":512,"comment_status":"open","ping_status":"closed","sticky":false,"template":"","format":"standard","meta":{"footnotes":""},"categories":[38,40],"tags":[],"class_list":["post-545","post","type-post","status-publish","format-standard","has-post-thumbnail","hentry","category-news","category-taga-family"],"meta_box":[],"_links":{"self":[{"href":"https:\/\/www.tagabike.eu\/es\/wp-json\/wp\/v2\/posts\/545","targetHints":{"allow":["GET"]}}],"collection":[{"href":"https:\/\/www.tagabike.eu\/es\/wp-json\/wp\/v2\/posts"}],"about":[{"href":"https:\/\/www.tagabike.eu\/es\/wp-json\/wp\/v2\/types\/post"}],"author":[{"embeddable":true,"href":"https:\/\/www.tagabike.eu\/es\/wp-json\/wp\/v2\/users\/1"}],"replies":[{"embeddable":true,"href":"https:\/\/www.tagabike.eu\/es\/wp-json\/wp\/v2\/comments?post=545"}],"version-history":[{"count":2,"href":"https:\/\/www.tagabike.eu\/es\/wp-json\/wp\/v2\/posts\/545\/revisions"}],"predecessor-version":[{"id":594,"href":"https:\/\/www.tagabike.eu\/es\/wp-json\/wp\/v2\/posts\/545\/revisions\/594"}],"wp:featuredmedia":[{"embeddable":true,"href":"https:\/\/www.tagabike.eu\/es\/wp-json\/wp\/v2\/media\/512"}],"wp:attachment":[{"href":"https:\/\/www.tagabike.eu\/es\/wp-json\/wp\/v2\/media?parent=545"}],"wp:term":[{"taxonomy":"category","embeddable":true,"href":"https:\/\/www.tagabike.eu\/es\/wp-json\/wp\/v2\/categories?post=545"},{"taxonomy":"post_tag","embeddable":true,"href":"https:\/\/www.tagabike.eu\/es\/wp-json\/wp\/v2\/tags?post=545"}],"curies":[{"name":"wp","href":"https:\/\/api.w.org\/{rel}","templated":true}]}}