{"id":548,"date":"2018-06-28T13:45:25","date_gmt":"2018-06-28T13:45:25","guid":{"rendered":"https:\/\/tagabike.eu\/?p=548"},"modified":"2026-01-14T14:40:50","modified_gmt":"2026-01-14T14:40:50","slug":"asiento-trasero","status":"publish","type":"post","link":"https:\/\/www.tagabike.eu\/es\/asiento-trasero\/","title":{"rendered":"Asiento trasero"},"content":{"rendered":"<h2>Asiento trasero<\/h2>\n<p>\u00bfCu\u00e1ndo sino en verano llevamos a nuestros peque\u00f1os a dar un paseo en bici? Por supuesto, hay pa\u00edses en los que se puede ir en bici todo el a\u00f1o y no se encuentran entre los que tienen un clima tan suave como Italia, \u00a1al contrario!<br \/>\nTambi\u00e9n hay algunos italianos que insisten en montar en bicicleta todo el a\u00f1o, algo m\u00e1s \u00fanico que raro.<br \/>\nPara todos los dem\u00e1s, el verano es la \u00fanica oportunidad de ense\u00f1ar a sus hijos algo un poco diferente de la m\u00e1quina-tableta-comprame-un-juego.<br \/>\nEnse\u00f1e a los ni\u00f1os la vida sostenible o al menos una muestra de ella, haga algo por costumbre o simplemente d\u00e9jeles experimentar el br\u00edo de tener un poco de viento en el pelo.<\/p>\n<p>Todo ello con una bicicleta y un asiento trasero para ni\u00f1os a partir de 15 kg, hasta un m\u00e1ximo de 22 kg, o un asiento delantero para ni\u00f1os a partir de unos 10 meses de edad y hasta 15 kg.<\/p>\n<p>As\u00ed lo exige el C\u00f3digo de Circulaci\u00f3n y se aplica a todas las bicicletas, excepto a las especiales, que se fabrican espec\u00edficamente para transportar peso y, por tanto, equilibrarlo bien.<\/p>\n<p>Pero si lo que m\u00e1s te preocupa no es el peso, sino la comodidad y la experiencia de tu hijo, \u00a1s\u00f3lo hay una bicicleta creada desde cero y construida para tus necesidades!<br \/>\nY es la TAGA BIKE, una bicicleta en la que puedes transportar desde un beb\u00e9, hasta 2-3 ni\u00f1os (2 en el asiento delantero y el tercero en el trasero). Y si para el asiento trasero el peso m\u00e1ximo es el indicado en el propio asiento, es decir, 22 kg, \u00a1para los ni\u00f1os de delante el peso m\u00e1ximo es de 35 kg por ni\u00f1o!<\/p>\n<p>Una bicicleta que educa a los ni\u00f1os en la sostenibilidad, la vida sana y las peque\u00f1as alegr\u00edas de la vida desde una edad muy temprana. \u00a1Con la TAGA, ya no hay excusas para no ir en bici para una familia numerosa, o para ni\u00f1os demasiado peque\u00f1os o demasiado mayores, \u00a1y s\u00ed! ni siquiera para ir en bici todo el a\u00f1o!<\/p>","protected":false},"excerpt":{"rendered":"<p>Seggiolino posteriore Quando se non d&#8217;estate portiamo i nostri pargoli a spasso in bicicletta?! Certo, esistono paesi dove si va in bici tutto l&#8217;anno e non sono tra quelli con il clima mite come l&#8217;Italia, anzi! Poi ci sono anche alcuni italiani che insistono di andare in bici tutto l&#8217;anno, pi\u00f9 unici che rari. Per [&hellip;]<\/p>\n","protected":false},"author":1,"featured_media":550,"comment_status":"open","ping_status":"closed","sticky":false,"template":"","format":"standard","meta":{"footnotes":""},"categories":[38,40],"tags":[],"class_list":["post-548","post","type-post","status-publish","format-standard","has-post-thumbnail","hentry","category-news","category-taga-family"],"meta_box":[],"_links":{"self":[{"href":"https:\/\/www.tagabike.eu\/es\/wp-json\/wp\/v2\/posts\/548","targetHints":{"allow":["GET"]}}],"collection":[{"href":"https:\/\/www.tagabike.eu\/es\/wp-json\/wp\/v2\/posts"}],"about":[{"href":"https:\/\/www.tagabike.eu\/es\/wp-json\/wp\/v2\/types\/post"}],"author":[{"embeddable":true,"href":"https:\/\/www.tagabike.eu\/es\/wp-json\/wp\/v2\/users\/1"}],"replies":[{"embeddable":true,"href":"https:\/\/www.tagabike.eu\/es\/wp-json\/wp\/v2\/comments?post=548"}],"version-history":[{"count":2,"href":"https:\/\/www.tagabike.eu\/es\/wp-json\/wp\/v2\/posts\/548\/revisions"}],"predecessor-version":[{"id":593,"href":"https:\/\/www.tagabike.eu\/es\/wp-json\/wp\/v2\/posts\/548\/revisions\/593"}],"wp:featuredmedia":[{"embeddable":true,"href":"https:\/\/www.tagabike.eu\/es\/wp-json\/wp\/v2\/media\/550"}],"wp:attachment":[{"href":"https:\/\/www.tagabike.eu\/es\/wp-json\/wp\/v2\/media?parent=548"}],"wp:term":[{"taxonomy":"category","embeddable":true,"href":"https:\/\/www.tagabike.eu\/es\/wp-json\/wp\/v2\/categories?post=548"},{"taxonomy":"post_tag","embeddable":true,"href":"https:\/\/www.tagabike.eu\/es\/wp-json\/wp\/v2\/tags?post=548"}],"curies":[{"name":"wp","href":"https:\/\/api.w.org\/{rel}","templated":true}]}}