{"id":548,"date":"2018-06-28T13:45:25","date_gmt":"2018-06-28T13:45:25","guid":{"rendered":"https:\/\/tagabike.eu\/?p=548"},"modified":"2026-01-14T14:40:50","modified_gmt":"2026-01-14T14:40:50","slug":"siege-arriere","status":"publish","type":"post","link":"https:\/\/www.tagabike.eu\/fr\/siege-arriere\/","title":{"rendered":"Si\u00e8ge arri\u00e8re"},"content":{"rendered":"<h2>Si\u00e8ge arri\u00e8re<\/h2>\n<p>Quand, si ce n'est en \u00e9t\u00e9, nous emmenons nos petits faire une balade \u00e0 v\u00e9lo ! Bien s\u00fbr, il y a des pays o\u00f9 l'on peut faire du v\u00e9lo toute l'ann\u00e9e et ils ne font pas partie de ceux qui ont un climat aussi doux que l'Italie, bien au contraire !<br \/>\nMais il y a aussi des Italiens qui insistent pour faire du v\u00e9lo toute l'ann\u00e9e, ce qui est plus unique que rare.<br \/>\nPour tous les autres, l'\u00e9t\u00e9 est la seule occasion d'enseigner \u00e0 leurs enfants quelque chose d'un peu diff\u00e9rent de la machine-tablette-ach\u00e8te-moi-un-jeu !<br \/>\nSensibilisez vos enfants \u00e0 un mode de vie durable, ou du moins \u00e0 un avant-go\u00fbt de celui-ci, faites quelque chose par habitude ou laissez-les simplement d\u00e9couvrir le brio d'avoir un peu de vent dans les cheveux.<\/p>\n<p>Tout cela avec un v\u00e9lo et un si\u00e8ge arri\u00e8re pour les enfants \u00e0 partir de 15 kg, jusqu'\u00e0 un maximum de 22 kg, ou un si\u00e8ge avant pour les enfants \u00e2g\u00e9s d'environ 10 mois jusqu'\u00e0 15 kg.<\/p>\n<p>C'est une exigence du code de la route qui s'applique \u00e0 tous les v\u00e9los, \u00e0 l'exception des v\u00e9los sp\u00e9ciaux, qui sont con\u00e7us pour transporter et donc \u00e9quilibrer le poids.<\/p>\n<p>Mais si ce n'est pas le poids qui vous pr\u00e9occupe le plus, mais plut\u00f4t le confort et l'exp\u00e9rience de votre enfant, il n'y a qu'un seul v\u00e9lo qui a \u00e9t\u00e9 cr\u00e9\u00e9 \u00e0 partir de z\u00e9ro et construit pour vos besoins !<br \/>\nIl s'agit du TAGA BIKE, une bicyclette qui permet de transporter d'un nourrisson \u00e0 2 ou 3 enfants (2 \u00e0 l'avant et le troisi\u00e8me sur le si\u00e8ge arri\u00e8re). Et si pour le si\u00e8ge arri\u00e8re le poids maximum est celui indiqu\u00e9 sur le si\u00e8ge lui-m\u00eame, c'est-\u00e0-dire 22 kg, pour les enfants \u00e0 l'avant le poids maximum est de 35 kg par enfant !<\/p>\n<p>Un v\u00e9lo qui sensibilise les enfants au d\u00e9veloppement durable, \u00e0 un mode de vie sain et aux petites joies de la vie d\u00e8s leur plus jeune \u00e2ge. Avec le TAGA, il n'y a plus d'excuse pour ne pas faire du v\u00e9lo pour une famille nombreuse, ou pour des enfants trop jeunes ou trop \u00e2g\u00e9s, et oui ! pas m\u00eame pour faire du v\u00e9lo toute l'ann\u00e9e !<\/p>","protected":false},"excerpt":{"rendered":"<p>Seggiolino posteriore Quando se non d&#8217;estate portiamo i nostri pargoli a spasso in bicicletta?! Certo, esistono paesi dove si va in bici tutto l&#8217;anno e non sono tra quelli con il clima mite come l&#8217;Italia, anzi! Poi ci sono anche alcuni italiani che insistono di andare in bici tutto l&#8217;anno, pi\u00f9 unici che rari. Per [&hellip;]<\/p>\n","protected":false},"author":1,"featured_media":550,"comment_status":"open","ping_status":"closed","sticky":false,"template":"","format":"standard","meta":{"footnotes":""},"categories":[38,40],"tags":[],"class_list":["post-548","post","type-post","status-publish","format-standard","has-post-thumbnail","hentry","category-news","category-taga-family"],"meta_box":[],"_links":{"self":[{"href":"https:\/\/www.tagabike.eu\/fr\/wp-json\/wp\/v2\/posts\/548","targetHints":{"allow":["GET"]}}],"collection":[{"href":"https:\/\/www.tagabike.eu\/fr\/wp-json\/wp\/v2\/posts"}],"about":[{"href":"https:\/\/www.tagabike.eu\/fr\/wp-json\/wp\/v2\/types\/post"}],"author":[{"embeddable":true,"href":"https:\/\/www.tagabike.eu\/fr\/wp-json\/wp\/v2\/users\/1"}],"replies":[{"embeddable":true,"href":"https:\/\/www.tagabike.eu\/fr\/wp-json\/wp\/v2\/comments?post=548"}],"version-history":[{"count":2,"href":"https:\/\/www.tagabike.eu\/fr\/wp-json\/wp\/v2\/posts\/548\/revisions"}],"predecessor-version":[{"id":593,"href":"https:\/\/www.tagabike.eu\/fr\/wp-json\/wp\/v2\/posts\/548\/revisions\/593"}],"wp:featuredmedia":[{"embeddable":true,"href":"https:\/\/www.tagabike.eu\/fr\/wp-json\/wp\/v2\/media\/550"}],"wp:attachment":[{"href":"https:\/\/www.tagabike.eu\/fr\/wp-json\/wp\/v2\/media?parent=548"}],"wp:term":[{"taxonomy":"category","embeddable":true,"href":"https:\/\/www.tagabike.eu\/fr\/wp-json\/wp\/v2\/categories?post=548"},{"taxonomy":"post_tag","embeddable":true,"href":"https:\/\/www.tagabike.eu\/fr\/wp-json\/wp\/v2\/tags?post=548"}],"curies":[{"name":"wp","href":"https:\/\/api.w.org\/{rel}","templated":true}]}}