{"id":558,"date":"2018-10-02T13:51:10","date_gmt":"2018-10-02T13:51:10","guid":{"rendered":"https:\/\/tagabike.eu\/?p=558"},"modified":"2026-01-14T14:01:23","modified_gmt":"2026-01-14T14:01:23","slug":"velo-cargo-a-acheter-en-automne","status":"publish","type":"post","link":"https:\/\/www.tagabike.eu\/fr\/velo-cargo-a-acheter-en-automne\/","title":{"rendered":"Le v\u00e9lo cargo parce qu'il vaut mieux l'acheter \u00e0 l'automne"},"content":{"rendered":"<p><strong>Le v\u00e9lo cargo parce qu'il vaut mieux l'acheter \u00e0 l'automne<\/strong><\/p>\n<p>L'automne, c'est comme le printemps, si on y r\u00e9fl\u00e9chit bien, ils se ressemblent beaucoup : les m\u00eames temp\u00e9ratures douces, les journ\u00e9es plus courtes que l'\u00e9t\u00e9, la fra\u00eecheur du soir et la vivacit\u00e9 du matin. Dans la journ\u00e9e, il fait assez chaud et la chaleur n'est pas g\u00eanante, au contraire, elle est comme la caresse d'un chat doux et c\u00e2lin, il faut la chercher. L'air sent la fra\u00eecheur et les herbes des champs.<\/p>\n<p>... les attentes sont diff\u00e9rentes.<\/p>\n<p>Apr\u00e8s le printemps vient l'\u00e9t\u00e9 avec ses longues journ\u00e9es chaotiques et \u00e9touffantes, impr\u00e9gn\u00e9es de l'odeur de la mer. Des soir\u00e9es tardives en plein air.<\/p>\n<p>Apr\u00e8s l'automne vient l'hiver, froid, avec des journ\u00e9es qui se terminent avant de commencer et des soir\u00e9es pass\u00e9es \u00e0 la maison, entour\u00e9es de la chaleur de la chemin\u00e9e (peut-\u00eatre !) et de la chaleur de la famille. Et le soir, une bonne baignade sous la couette.<\/p>\n<p>Et bien que le printemps et l'automne soient les meilleures saisons pour faire du v\u00e9lo, beaucoup d'entre nous commencent \u00e0 penser au v\u00e9lo au printemps.<\/p>\n<p>Et s'ils doivent en acheter un nouveau, par exemple parce qu'ils veulent un v\u00e9lo cargo, quelques mois peuvent s'\u00e9couler entre le souhait et l'arriv\u00e9e du v\u00e9lo cargo. En fait, ceux qui n'ont pas pu r\u00e9aliser leur souhait \u00e0 temps pour le printemps le mettent dans le tiroir pour le garder jusqu'\u00e0 la saison prochaine, parce qu'il est maintenant \u201ctrop tard\u201d et que \u201cje le ferai au printemps prochain\u201d.<\/p>\n<p>Souvent, au printemps, la situation se r\u00e9p\u00e8te, et le v\u00e9lo ? Il reste dans le tiroir des souhaits pendant des ann\u00e9es et est parfois achet\u00e9 des ann\u00e9es plus tard, manquant ainsi toutes les occasions de l'utiliser.<\/p>\n<p>On pense que, achet\u00e9 en automne, le v\u00e9lo est moins utilis\u00e9, bient\u00f4t l'hiver arrive, il pleut, il fait froid et le v\u00e9lo reste dans le garage.<\/p>\n<p>La r\u00e9alit\u00e9 est cependant bien diff\u00e9rente, car plusieurs mois peuvent \u00e9galement s'\u00e9couler entre le moment o\u00f9 l'on en ressent le besoin et la possibilit\u00e9 r\u00e9elle de partir enfin en balade au printemps. Et le v\u00e9lo cargo, surtout s'il s'agit du TAGA avec sa canop\u00e9e royale, peut \u00eatre utilis\u00e9 sinon tous, du moins neuf mois de l'ann\u00e9e. L'hiver est aussi plein de belles journ\u00e9es, o\u00f9 m\u00eame les vers luisants sortent pour se r\u00e9chauffer aux doux rayons du soleil ; sortir en v\u00e9lo cargo avec toute la famille, c'est comme s'offrir des mini-vacances en \u00e9t\u00e9.<\/p>\n<p>Le v\u00e9lo est toujours un plaisir, mais l'utiliser en automne et aussi en hiver, tous les jours ou m\u00eame seulement les jours de beau temps, rend la vie pleine de petites choses qui font toute la diff\u00e9rence.<\/p>\n<p>Si l'on y r\u00e9fl\u00e9chit, ce ne sont pas les grands changements qui am\u00e9liorent la qualit\u00e9 de notre vie, mais plut\u00f4t les petites choses, comme changer ses habitudes, m\u00eame pour un temps, changer sa fa\u00e7on de faire, ou m\u00eame sa fa\u00e7on de penser moins conventionnelle, qui font que notre vie cesse d'\u00eatre routini\u00e8re pour devenir de plus en plus lumineuse, m\u00eame en hiver !<\/p>\n<p>... et pour changer un peu vos attentes en hiver, nous vous offrons un bon d'achat que vous pouvez ajouter \u00e0 votre achat ou nous envoyer par la poste : MEILLEUR V\u00c9LO CARGO<\/p>\n<p>&nbsp;<\/p>\n<p>&nbsp;<\/p>","protected":false},"excerpt":{"rendered":"<p>La cargo bike perch\u00e9 \u00e8 meglio comprarla in autunno L&#8217;autunno \u00e8 come la primavera, se ci pensi, sono molto simili: le stesse temperature miti, le giornate sono pi\u00f9 corte dell&#8217;estate, c&#8217;\u00e8 quel fresco la sera e quel brio al mattino. Mentre durante il giorno fa abbastanza caldo e il caldo non \u00e8 fastidioso, anzi \u00e8 [&hellip;]<\/p>\n","protected":false},"author":1,"featured_media":497,"comment_status":"open","ping_status":"closed","sticky":false,"template":"","format":"standard","meta":{"footnotes":""},"categories":[38,40],"tags":[],"class_list":["post-558","post","type-post","status-publish","format-standard","has-post-thumbnail","hentry","category-news","category-taga-family"],"meta_box":[],"_links":{"self":[{"href":"https:\/\/www.tagabike.eu\/fr\/wp-json\/wp\/v2\/posts\/558","targetHints":{"allow":["GET"]}}],"collection":[{"href":"https:\/\/www.tagabike.eu\/fr\/wp-json\/wp\/v2\/posts"}],"about":[{"href":"https:\/\/www.tagabike.eu\/fr\/wp-json\/wp\/v2\/types\/post"}],"author":[{"embeddable":true,"href":"https:\/\/www.tagabike.eu\/fr\/wp-json\/wp\/v2\/users\/1"}],"replies":[{"embeddable":true,"href":"https:\/\/www.tagabike.eu\/fr\/wp-json\/wp\/v2\/comments?post=558"}],"version-history":[{"count":1,"href":"https:\/\/www.tagabike.eu\/fr\/wp-json\/wp\/v2\/posts\/558\/revisions"}],"predecessor-version":[{"id":559,"href":"https:\/\/www.tagabike.eu\/fr\/wp-json\/wp\/v2\/posts\/558\/revisions\/559"}],"wp:featuredmedia":[{"embeddable":true,"href":"https:\/\/www.tagabike.eu\/fr\/wp-json\/wp\/v2\/media\/497"}],"wp:attachment":[{"href":"https:\/\/www.tagabike.eu\/fr\/wp-json\/wp\/v2\/media?parent=558"}],"wp:term":[{"taxonomy":"category","embeddable":true,"href":"https:\/\/www.tagabike.eu\/fr\/wp-json\/wp\/v2\/categories?post=558"},{"taxonomy":"post_tag","embeddable":true,"href":"https:\/\/www.tagabike.eu\/fr\/wp-json\/wp\/v2\/tags?post=558"}],"curies":[{"name":"wp","href":"https:\/\/api.w.org\/{rel}","templated":true}]}}